{"provider_url": "https://old.pradopolis.sp.leg.br", "title": "C\u00e2mara Municipal realiza 09\u00aa Sess\u00e3o Extraordin\u00e1ria.", "html": "<p class=\"s3\"><span class=\"s2\"><span class=\"bumpedFont15\">Nesta\u00a0</span></span><span class=\"s2\"><span class=\"bumpedFont15\">seg</span></span><span class=\"s2\"><span class=\"bumpedFont15\">u</span></span><span class=\"s2\"><span class=\"bumpedFont15\">nda</span></span><span class=\"s2\"><span class=\"bumpedFont15\">-feira a C\u00e2mara Municipal realizou a\u00a0</span></span><span class=\"s2\"><span class=\"bumpedFont15\">09</span></span><span class=\"s2\"><span class=\"bumpedFont15\">\u00aa Sess\u00e3o Extraordin\u00e1ria</span></span><span class=\"s2\"><span class=\"bumpedFont15\">\u00a0</span></span><span class=\"s2\"><span class=\"bumpedFont15\">com objetivo de realizar a leitura e aprecia\u00e7\u00e3o dos\u00a0</span></span><span class=\"s2\"><span class=\"bumpedFont15\">seguintes\u00a0</span></span><span class=\"s2\"><span class=\"bumpedFont15\">projeto</span></span><span class=\"s2\"><span class=\"bumpedFont15\">s</span></span><span class=\"s2\"><span class=\"bumpedFont15\">\u00a0de lei</span></span><span class=\"s2\"><span class=\"bumpedFont15\">:</span></span></p>\r\n<p class=\"s3\"><span class=\"s4\"><span class=\"bumpedFont15\">Projeto de Lei n\u00ba 030/2023</span></span><span class=\"s2\"><span class=\"bumpedFont15\">\u00a0\u2013\u00a0</span></span><span class=\"s5\"><span class=\"bumpedFont15\">D</span></span><span class=\"s5\"><span class=\"bumpedFont15\">isp\u00f5e</span></span><span class=\"s5\"><span class=\"bumpedFont15\">\u00a0</span></span><span class=\"s5\"><span class=\"bumpedFont15\">sobre a abertura</span></span><span class=\"s5\"><span class=\"bumpedFont15\">\u00a0</span></span><span class=\"s5\"><span class=\"bumpedFont15\">no or\u00e7amento</span></span><span class=\"s5\"><span class=\"bumpedFont15\">\u00a0</span></span><span class=\"s5\"><span class=\"bumpedFont15\">vigente de cr\u00e9dito</span></span><span class=\"s5\"><span class=\"bumpedFont15\"></span></span><span class=\"s5\"><span class=\"bumpedFont15\">adicional especial</span></span><span class=\"s5\"><span class=\"bumpedFont15\">\u00a0</span></span><span class=\"s5\"><span class=\"bumpedFont15\">no valor de R$ 213.859,84 e d\u00e1 outras provid\u00eancias.</span></span></p>\r\n<p class=\"s3\"><span class=\"s6\"><span class=\"bumpedFont15\">Projeto de Lei n\u00ba 031/2023 -</span></span><span class=\"s5\"><span class=\"bumpedFont15\">\u00a0</span></span><span class=\"s7\"><span class=\"bumpedFont15\">Disp\u00f5e sobre a abertura no or\u00e7amento vigente de cr\u00e9dito adicional especial no valor de R$ 70.000,00 e d\u00e1 outras provid\u00eancias.</span></span><span class=\"s7\"><span class=\"bumpedFont15\"></span></span></p>\r\n<p class=\"s3\"><span class=\"s7\"><span class=\"bumpedFont15\">Este projeto de Lei visa a abertura de rubrica or\u00e7ament\u00e1ria no or\u00e7amento vigente no valor de\u00a0</span></span><span class=\"s7\"><span class=\"bumpedFont15\">R$ 70.000,00</span></span><span class=\"s7\"><span class=\"bumpedFont15\">\u00a0para que a Administra\u00e7\u00e3o pudesse utilizar os recursos repassados pelo Governo Federal para pagamento do piso da enfermagem dos servidores p\u00fablicos lotados nos respectivos empregos abrangidos pela lei federal. \u00a0</span></span></p>", "author_name": "", "version": "1.0", "author_url": "https://old.pradopolis.sp.leg.br/author/izabella", "provider_name": "Camara Municipal de Prad\u00f3polis", "type": "rich"}