{"provider_url": "https://old.pradopolis.sp.leg.br", "title": "1\u00aa Caminhada de Conscientiza\u00e7\u00e3o do Autismo.", "html": "<p>A Primeira Caminhada marcou o dia Mundial de Conscientiza\u00e7\u00e3o do Autismo em Prad\u00f3polis, na manh\u00e3 deste domingo, 02 de abril.</p>\r\n<p>Participaram pais, familiares, professores e autoridades, o objetivo foi divulgar informa\u00e7\u00f5es sobre o Trastorno do Espectro Autista (TEA), sensibilizar as pessoas e reivindicar os direitos das pessoas com autismo.</p>\r\n<p>A caminhada come\u00e7ou por volta das 09h00 do Lago Municipal. O pessoal caminhou at\u00e9 a C\u00e2mara Municipal onde foi finalizada com uma palestra realizada pela Psic\u00f3loga Patr\u00edcia Binhardi.</p>\r\n<p><img src=\"https://old.pradopolis.sp.leg.br/imagens/imagens-noticias/caminhada-11.jpg/@@images/abb695ba-ed5f-4999-824a-e3332776137f.jpeg\" alt=\"Caminhada 11.jpg\" class=\"image-inline\" title=\"Caminhada 11.jpg\" /></p>\r\n<p><img src=\"https://old.pradopolis.sp.leg.br/imagens/imagens-noticias/caminhada-06.jpg/@@images/f862b1aa-6dfd-4509-b254-08504de43d79.jpeg\" alt=\"Caminhada 06.jpg\" class=\"image-inline\" title=\"Caminhada 06.jpg\" /></p>\r\n<p><img src=\"https://old.pradopolis.sp.leg.br/imagens/imagens-noticias/caminhada-10.jpg/@@images/a841546c-ef58-4ac3-aa17-0fdd7a53f68f.jpeg\" alt=\"Caminhada 10.jpg\" class=\"image-inline\" title=\"Caminhada 10.jpg\" /></p>\r\n<p><img src=\"https://old.pradopolis.sp.leg.br/imagens/imagens-noticias/caminhada-02.jpg/@@images/5c195890-4285-457c-86ea-dc45897f5298.jpeg\" alt=\"Caminhada 02.jpg\" class=\"image-inline\" title=\"Caminhada 02.jpg\" /></p>\r\n<p><img src=\"https://old.pradopolis.sp.leg.br/imagens/imagens-noticias/caminhada-07.jpg/@@images/119a6576-dfb6-4344-a9f4-ae05b1c36571.jpeg\" alt=\"Caminhada 07.jpg\" class=\"image-inline\" title=\"Caminhada 07.jpg\" /></p>\r\n<p><img src=\"https://old.pradopolis.sp.leg.br/imagens/imagens-noticias/caminhada-12.jpg/@@images/8c1f0610-2ce5-4d99-a41c-897d581f42b6.jpeg\" alt=\"Caminhada 12.jpg\" class=\"image-inline\" title=\"Caminhada 12.jpg\" /></p>\r\n<p><img src=\"https://old.pradopolis.sp.leg.br/imagens/imagens-noticias/caminhada-01.jpg/@@images/26d3e2ea-8210-4aed-a8bb-04c91e3d4125.jpeg\" alt=\"Caminhada 01.jpg\" class=\"image-inline\" title=\"Caminhada 01.jpg\" /></p>", "author_name": "", "version": "1.0", "author_url": "https://old.pradopolis.sp.leg.br/author/izabella", "provider_name": "Camara Municipal de Prad\u00f3polis", "type": "rich"}