{"provider_url": "https://old.pradopolis.sp.leg.br", "title": "AUDI\u00caNCIA P\u00daBLICA DOS FEIRANTES!!", "html": "<p>A C\u00e2mara Municipal de Prad\u00f3polis convida toda a popula\u00e7\u00e3o a participar da AUDI\u00caNCIA P\u00daBLICA DOS FEIRANTES, a ser realizada no dia 28 de Setembro \u00e1s 16h00min no Plen\u00e1rio desta Casa de Leis, onde ser\u00e3o discutidos assuntos sobre a Feira realizada \u00e0s quartas-feiras na Avenida Monte Sereno visando debater e buscar melhorias.</p>\r\n<p>\u00a0</p>\r\n<p><img src=\"https://old.pradopolis.sp.leg.br/imagens/imagens-noticias/feira-02.jpg/@@images/c08e45fa-45da-4711-8286-dcc1dfed992b.jpeg\" alt=\"feira 02.jpg\" class=\"image-inline\" title=\"feira 02.jpg\" /></p>", "author_name": "", "version": "1.0", "author_url": "https://old.pradopolis.sp.leg.br/author/izabella", "provider_name": "Camara Municipal de Prad\u00f3polis", "type": "rich"}