{"provider_url": "https://old.pradopolis.sp.leg.br", "title": "AUDI\u00caNCIA P\u00daBLICA DOS FEIRANTES!!", "html": "<p>Aconteceu na tarde desta quinta-feira, 28 de setembro, uma Audi\u00eancia P\u00fablica com os feirantes, que contou com a presen\u00e7a dos Vereadores, Thiago Aquino, Jo\u00e3ozinho, Matheus Campos, Ricardinho Ramos, Professor Edson e Fab\u00e3o, representando o Poder Executivo estiveram o Chefe de Gabinete, Bruno Louzada Franco e o Fiscal de Vias P\u00fablicas, Jo\u00e3o Gabriel e representando os feirantes o Senhor Adimir, al\u00e9m dos demais feirantes que estiveram presentes.</p>\r\n<p>O objetivo desta Audi\u00eancia P\u00fablica era discutir, debater, expor opini\u00f5es e buscar melhorias para a feira que ocorre \u00e0s quartas-feiras na Avenida Monte Sereno.</p>\r\n<p>O evento foi de grande import\u00e2ncia, pois houve grande participa\u00e7\u00e3o dos feirantes, do Poder Executivo e Legislativo. Desta forma foi feita sugest\u00f5es e reclama\u00e7\u00f5es sobre devidos problemas que estavam ocorrendo, um deles seria o fluxo do tr\u00e2nsito na Avenida Monte Sereno durante a feira, foram encaminhados para o representante do Executivo para serem estudados.</p>\r\n<p><img src=\"https://old.pradopolis.sp.leg.br/imagens/imagens-noticias/whatsapp-image-2017-09-29-at-09-51-18.jpeg/@@images/e8ebd52f-359e-435d-b17c-42ddf360d1e7.jpeg\" alt=\"WhatsApp Image 2017-09-29 at 09.51.18.jpeg\" class=\"image-inline\" title=\"WhatsApp Image 2017-09-29 at 09.51.18.jpeg\" /></p>\r\n<p><img src=\"https://old.pradopolis.sp.leg.br/imagens/imagens-noticias/whatsapp-image-2017-09-29-at-10-02-23.jpeg/@@images/5611085a-b9ee-41b6-a1c8-d2438405f7cb.jpeg\" alt=\"WhatsApp Image 2017-09-29 at 10.02.23.jpeg\" class=\"image-inline\" title=\"WhatsApp Image 2017-09-29 at 10.02.23.jpeg\" /></p>\r\n<p><img src=\"https://old.pradopolis.sp.leg.br/imagens/imagens-noticias/whatsapp-image-2017-09-29-at-09-51-19.jpeg/@@images/188d388a-0306-4092-ba4f-ff0e6f09167e.jpeg\" alt=\"WhatsApp Image 2017-09-29 at 09.51.19.jpeg\" class=\"image-inline\" title=\"WhatsApp Image 2017-09-29 at 09.51.19.jpeg\" /></p>\r\n<p><img src=\"https://old.pradopolis.sp.leg.br/imagens/imagens-noticias/whatsapp-image-2017-09-29-at-10-02-22.jpeg/@@images/3cd8c6e8-48a7-4ed4-bf71-b6da05c57e2b.jpeg\" alt=\"WhatsApp Image 2017-09-29 at 10.02.22.jpeg\" class=\"image-inline\" title=\"WhatsApp Image 2017-09-29 at 10.02.22.jpeg\" /></p>\r\n<p><img src=\"https://old.pradopolis.sp.leg.br/imagens/imagens-noticias/whatsapp-image-2017-09-29-at-10-02-20-1.jpeg/@@images/35d1a8bf-f405-496b-8207-3305f7878f80.jpeg\" alt=\"WhatsApp Image 2017-09-29 at 10.02.20 (1).jpeg\" class=\"image-inline\" title=\"WhatsApp Image 2017-09-29 at 10.02.20 (1).jpeg\" /></p>\r\n<p><img src=\"https://old.pradopolis.sp.leg.br/imagens/imagens-noticias/whatsapp-image-2017-09-29-at-10-02-20.jpeg/@@images/6409e256-6512-4c62-afe8-fb226d749475.jpeg\" alt=\"WhatsApp Image 2017-09-29 at 10.02.20.jpeg\" class=\"image-inline\" title=\"WhatsApp Image 2017-09-29 at 10.02.20.jpeg\" /></p>\r\n<p><img src=\"https://old.pradopolis.sp.leg.br/imagens/imagens-noticias/whatsapp-image-2017-09-29-at-10-02-22-1.jpeg/@@images/37f63256-fc15-4b20-8efd-153339f671fa.jpeg\" alt=\"WhatsApp Image 2017-09-29 at 10.02.22 (1).jpeg\" class=\"image-inline\" title=\"WhatsApp Image 2017-09-29 at 10.02.22 (1).jpeg\" /></p>", "author_name": "", "version": "1.0", "author_url": "https://old.pradopolis.sp.leg.br/author/izabella", "provider_name": "Camara Municipal de Prad\u00f3polis", "type": "rich"}