{"provider_url": "https://old.pradopolis.sp.leg.br", "title": "COMUNICADO!!", "html": "<p><b>Os membros da COMDEMA \u2013 Conselho Municipal de Defesa do Meio Ambiente de Prad\u00f3polis</b> comunicam a toda popula\u00e7\u00e3o que no <b>pr\u00f3ximo s\u00e1bado (30 de Setembro) a partir das 07h00 at\u00e9 as 14h00 estar\u00e3o presentes na feira que acontece em frente o Parque Ecol\u00f3gico (Lago Municipal)</b>, com uma barraca especialmente para coletar \u00f3leos de cozinha utilizados pelos moradores.</p>\r\n<p>O objetivo desta a\u00e7\u00e3o \u00e9 a reciclagem e a destina\u00e7\u00e3o adequada, al\u00e9m de colaborar para a preserva\u00e7\u00e3o do meio ambiente.</p>\r\n<p>Portanto, pedimos as senhoras e aos senhores que armazenem o \u00f3leo de cozinha em garrafas Pet e entregue no pr\u00f3ximo s\u00e1bado na barraca da COMDEMA quando vier realizar suas compras na feira.</p>\r\n<p>\u00a0<img src=\"https://old.pradopolis.sp.leg.br/imagens/imagens-noticias/27091700.jpg/@@images/1ae2fedd-5076-4dc8-b10d-98e18feebf6f.jpeg\" alt=\"27091700.JPG\" class=\"image-inline\" title=\"27091700.JPG\" /></p>", "author_name": "", "version": "1.0", "author_url": "https://old.pradopolis.sp.leg.br/author/izabella", "provider_name": "Camara Municipal de Prad\u00f3polis", "type": "rich"}