{"provider_url": "https://old.pradopolis.sp.leg.br", "title": "Convite 02\u00aa Sess\u00e3o Extraordin\u00e1ria.", "html": "<p>A C\u00e2mara Municipal disponibiliza a Pauta da 02\u00aa Sess\u00e3o Extraordin\u00e1ria que ser\u00e1 realizada dia 27 de Maio de 2019 (segunda-feira) \u00e1s 13h30.</p>\r\n<p><a title=\"\" href=\"https://old.pradopolis.sp.leg.br/pauta-02-a-sessao-extra.pdf\" class=\"internal-link\" target=\"_self\">Clique Aqui</a></p>\r\n<p><img src=\"https://old.pradopolis.sp.leg.br/imagens/imagens-noticias/convite-02a-sessao-extraordinaria.jpg/@@images/7627a07e-b9f7-476d-92c7-94b4846d3fa6.jpeg\" alt=\"Convite 02\u00aa Sess\u00e3o Extraordin\u00e1ria.jpg\" class=\"image-inline\" title=\"Convite 02\u00aa Sess\u00e3o Extraordin\u00e1ria.jpg\" /></p>", "author_name": "", "version": "1.0", "author_url": "https://old.pradopolis.sp.leg.br/author/izabella", "provider_name": "Camara Municipal de Prad\u00f3polis", "type": "rich"}