{"provider_url": "https://old.pradopolis.sp.leg.br", "title": "Convite 09\u00aa Sess\u00e3o Extraordin\u00e1ria.", "html": "<p><span>A C\u00e2mara Municipal disponibiliza a Pauta da 09\u00aa Sess\u00e3o Extraordin\u00e1ria que ser\u00e1 realizada dia 21 de Agosto de 2019 (quarta-feira) \u00e1s 14h00.</span></p>\r\n<p><span><a title=\"\" href=\"https://old.pradopolis.sp.leg.br/pauta-09a-sessao-extra.pdf\" class=\"internal-link\" target=\"_self\">Clique Aqui</a></span></p>\r\n<p><span><img src=\"https://old.pradopolis.sp.leg.br/imagens/imagens-noticias/convite-09a-sessao-extraordinaria.jpg/@@images/126da36f-0b2f-46fa-b8d4-ec1cbd543088.jpeg\" alt=\"Convite 09\u00aa Sess\u00e3o Extraordin\u00e1ria.jpg\" class=\"image-inline\" title=\"Convite 09\u00aa Sess\u00e3o Extraordin\u00e1ria.jpg\" /></span></p>", "author_name": "", "version": "1.0", "author_url": "https://old.pradopolis.sp.leg.br/author/izabella", "provider_name": "Camara Municipal de Prad\u00f3polis", "type": "rich"}