{"provider_url": "https://old.pradopolis.sp.leg.br", "title": "Convite 7\u00aa Sess\u00e3o Extraordin\u00e1ria.", "html": "<p><span>A C\u00e2mara Municipal convida a popula\u00e7\u00e3o para participarem da Sess\u00e3o Extraordin\u00e1ria que ser\u00e1 levada a efeito em nossa Sede, no pr\u00f3ximo dia 13 de agosto (segunda-feira), \u00e0s 14h00min, oportunidade em que\u00a0</span><span>ser\u00e3o apreciados, discutidos e votados os seguintes projetos:</span></p>\r\n<p>\u00a0<b>- Projeto de Lei n\u00ba 031/2018</b><span>, de autoria do Poder Executivo Municipal, que autoriza o Munic\u00edpio de Prad\u00f3polis a celebrar conv\u00eanios com a Funda\u00e7\u00e3o para o Desenvolvimento da Educa\u00e7\u00e3o - FDE objetivando a gest\u00e3o de atas de registros de pre\u00e7os.</span></p>\r\n<p>\u00a0<b>- Projeto de Lei n\u00ba 033/2018</b><span>, de autoria do Poder Executivo Municipal, que disp\u00f5e sobre a abertura de cr\u00e9dito adicional especial no valor de R$ 1.122.650,00 no or\u00e7amento vigente e d\u00e1 outras provid\u00eancias.</span></p>\r\n<p>\u00a0<img src=\"https://old.pradopolis.sp.leg.br/10081800.jpg/@@images/2d98ed33-b0fc-4507-9b17-343bd5e2f430.jpeg\" alt=\"10081800.JPG\" class=\"image-inline\" title=\"10081800.JPG\" /></p>\r\n<p>\u00a0</p>", "author_name": "", "version": "1.0", "author_url": "https://old.pradopolis.sp.leg.br/author/izabella", "provider_name": "Camara Municipal de Prad\u00f3polis", "type": "rich"}