{"provider_url": "https://old.pradopolis.sp.leg.br", "title": "Convite 8\u00aa Sess\u00e3o Extraordin\u00e1ria.", "html": "<p><span>A C\u00e2mara Municipal convida a popula\u00e7\u00e3o para participarem da Sess\u00e3o Extraordin\u00e1ria que ser\u00e1 levada a efeito em nossa Sede, no pr\u00f3ximo dia 22 de agosto (quarta-feira), \u00e0s 18h30min, oportunidade em que\u00a0</span><span>ser\u00e1 votado o seguinte projeto:</span></p>\r\n<p><b><span>- Projeto de Resolu\u00e7\u00e3o n\u00ba 004/2018</span></b>, de autoria da Mesa Diretora, que disp\u00f5e sobre a altera\u00e7\u00e3o do grau de escolaridade exigido para a ocupa\u00e7\u00e3o do emprego p\u00fablico de Contador, constante do Anexo X da Resolu\u00e7\u00e3o n\u00ba 005, de 29 de outubro de 2014, da C\u00e2mara Municipal de Prad\u00f3polis/SP, e d\u00e1 outras provid\u00eancias.</p>\r\n<p>\u00a0<img src=\"https://old.pradopolis.sp.leg.br/imagens/imagens-noticias/20081800.jpg/@@images/f0a7f2e7-aa1e-46cf-bd63-fa2a67b67444.jpeg\" alt=\"20081800.JPG\" class=\"image-inline\" title=\"20081800.JPG\" /></p>\r\n<p><span><br /></span></p>", "author_name": "", "version": "1.0", "author_url": "https://old.pradopolis.sp.leg.br/author/izabella", "provider_name": "Camara Municipal de Prad\u00f3polis", "type": "rich"}