{"provider_url": "https://old.pradopolis.sp.leg.br", "title": "Convite \u00e0 Popula\u00e7\u00e3o.", "html": "<div dir=\"auto\">A C\u00e2mara Municipal tem a honra de convidar toda a popula\u00e7\u00e3o para que juntos possamos homenagear o profissional de Educa\u00e7\u00e3o F\u00edsica de nosso munic\u00edpio, um profissional que preza pela integridade f\u00edsica e mental desde os mais jovens at\u00e9 os mais velhos, contribuindo para uma sociedade mais saud\u00e1vel e feliz.</div>\r\n<div dir=\"auto\"></div>\r\n<div class=\"l7ghb35v kjdc1dyq kmwttqpk gh25dzvf jikcssrz n3t5jt4f\">\r\n<div dir=\"auto\">A homenagem acontecer\u00e1 durante a pr\u00f3xima Sess\u00e3o Ordin\u00e1ria, quarta-feira, 14/09/2022, a partir das 19h30min, no Plen\u00e1rio Jos\u00e9 de Cayres.</div>\r\n<div dir=\"auto\"></div>\r\n</div>\r\n<div class=\"l7ghb35v kjdc1dyq kmwttqpk gh25dzvf jikcssrz n3t5jt4f\">\r\n<div dir=\"auto\"><span><a tabindex=\"-1\"></a></span>Contamos com sua presen\u00e7a!</div>\r\n</div>", "author_name": "", "version": "1.0", "author_url": "https://old.pradopolis.sp.leg.br/author/izabella", "provider_name": "Camara Municipal de Prad\u00f3polis", "type": "rich"}