{"provider_url": "https://old.pradopolis.sp.leg.br", "title": "Convite a Popula\u00e7\u00e3o Audi\u00eancia P\u00fablica", "html": "<p><span>A\u00a0<b>C\u00e2mara Municipal\u00a0</b>tem buscado discutir temas que interessam diretamente a nossa comunidade, visando o desenvolvimento do Munic\u00edpio como um todo.<br /> \u00a0\u00a0\u00a0\u00a0\u00a0\u00a0\u00a0\u00a0\u00a0\u00a0\u00a0</span></p>\r\n<p><span>Desta forma temos a honra de convidar toda popula\u00e7\u00e3o para participar da\u00a0<b>AUDI\u00caNCIA P\u00daBLICA</b>\u00a0que ter\u00e1 como tema o\u00a0<b>Esporte\u00a0</b>a realizar-se no dia\u00a0<b>13 de setembro de 2017</b>,\u00a0das\u00a0<b>17:00 \u00e0s 18:30 horas</b>\u00a0no Plen\u00e1rio desta Casa Legislativa.</span></p>\r\n<p><span><img src=\"https://old.pradopolis.sp.leg.br/imagens/imagens-noticias/convite-conferencia-1.jpg/@@images/adcda352-8b21-4fc4-9dae-714b619f42c0.jpeg\" alt=\"convite conferencia(1).jpg\" class=\"image-inline\" title=\"convite conferencia(1).jpg\" /></span></p>", "author_name": "maikon", "version": "1.0", "author_url": "https://old.pradopolis.sp.leg.br/author/maikon", "provider_name": "Camara Municipal de Prad\u00f3polis", "type": "rich"}