{"provider_url": "https://old.pradopolis.sp.leg.br", "title": "Dia Mundial da Conscientiza\u00e7\u00e3o do Autismo.", "html": "<p>02 de Abril - Dia Mundial da Conscientiza\u00e7\u00e3o do Autismo.</p>\r\n<p>O Autismo \u00e9 uma s\u00edndrome que atinge quase 2 milh\u00f5es de brasileiros. Em crian\u00e7as o autismo \u00e9 mais comum que o c\u00e2ncer, aids e o diabetes.</p>\r\n<p>No mundo, a ONU estima que existam mais de 70 milh\u00f5es de pessoas com autismo.</p>\r\n<p>O Azul \u00e9 considerado a cor do autismo. Vista azul e ilumine algo de azul neste dia.</p>\r\n<p>\u00a0</p>\r\n<p><img src=\"https://old.pradopolis.sp.leg.br/imagens/imagens-noticias/autismo.png/@@images/ca0d4616-a520-4d29-8f00-7842de2c93cb.png\" alt=\"Autismo.png\" class=\"image-inline\" title=\"Autismo.png\" /></p>", "author_name": "", "version": "1.0", "author_url": "https://old.pradopolis.sp.leg.br/author/izabella", "provider_name": "Camara Municipal de Prad\u00f3polis", "type": "rich"}