{"provider_url": "https://old.pradopolis.sp.leg.br", "title": "OUTUBRO ROSA!!", "html": "<div data-block=\"true\" data-editor=\"cisom\" data-offset-key=\"8roe0-0-0\">\r\n<div class=\"_1mf _1mj\" data-offset-key=\"8roe0-0-0\"><span data-offset-key=\"8roe0-0-0\">OUTUBRO ROSA!!</span></div>\r\n</div>\r\n<div data-block=\"true\" data-editor=\"cisom\" data-offset-key=\"6ijgu-0-0\">\r\n<div class=\"_1mf _1mj\" data-offset-key=\"6ijgu-0-0\"><span data-offset-key=\"6ijgu-0-0\"><br data-text=\"true\" /></span></div>\r\n</div>\r\n<div data-block=\"true\" data-editor=\"cisom\" data-offset-key=\"8hjib-0-0\">\r\n<div class=\"_1mf _1mj\" data-offset-key=\"8hjib-0-0\"><span data-offset-key=\"8hjib-0-0\">De acordo com os dados recentes do Instituto Nacional do C\u00e2ncer (INCA), a partir de 2018. estima-se que cerca de 59.700 novos casos de c\u00e2ncer de mama sejam diagnosticados no Brasil por ano.</span></div>\r\n</div>\r\n<div data-block=\"true\" data-editor=\"cisom\" data-offset-key=\"64fjb-0-0\">\r\n<div class=\"_1mf _1mj\" data-offset-key=\"64fjb-0-0\"><span data-offset-key=\"64fjb-0-0\"><br data-text=\"true\" /></span></div>\r\n</div>\r\n<div data-block=\"true\" data-editor=\"cisom\" data-offset-key=\"2fqd0-0-0\">\r\n<div class=\"_1mf _1mj\" data-offset-key=\"2fqd0-0-0\"><span data-offset-key=\"2fqd0-0-0\">O n\u00famero indica que a cada 100 mil mulheres, cerca de 56 desenvolvem condi\u00e7\u00e3o, diante da realidade, a melhor medida continua sendo a preven\u00e7\u00e3o.</span></div>\r\n</div>\r\n<div data-block=\"true\" data-editor=\"cisom\" data-offset-key=\"14lm7-0-0\">\r\n<div class=\"_1mf _1mj\" data-offset-key=\"14lm7-0-0\"><span data-offset-key=\"14lm7-0-0\"><br data-text=\"true\" /></span></div>\r\n</div>\r\n<div data-block=\"true\" data-editor=\"cisom\" data-offset-key=\"bv8kc-0-0\">\r\n<div class=\"_1mf _1mj\" data-offset-key=\"bv8kc-0-0\"><span data-offset-key=\"bv8kc-0-0\">\u00c9 isso que impulsiona o outubro rosa, um m\u00eas dedicado \u00e1 dissemina\u00e7\u00e3o de informa\u00e7\u00f5es sobre os direitos e a import\u00e2ncia de olhar com aten\u00e7\u00e3o para a sa\u00fade da mulher.</span></div>\r\n</div>\r\n<div><span data-offset-key=\"bv8kc-0-0\"><br /></span></div>\r\n<div></div>", "author_name": "", "version": "1.0", "author_url": "https://old.pradopolis.sp.leg.br/author/izabella", "provider_name": "Camara Municipal de Prad\u00f3polis", "type": "rich"}