{"provider_url": "https://old.pradopolis.sp.leg.br", "title": "Pauta 08\u00aa Sess\u00e3o Extraordin\u00e1ria.", "html": "<div class=\"_1mf _1mj\" data-offset-key=\"15fir-0-0\"><span data-offset-key=\"15fir-0-0\">A C\u00e2mara Municipal convida toda a popula\u00e7\u00e3o a participar da 08\u00aa Sess\u00e3o Extraordin\u00e1ria, que ser\u00e1 realizada dia 05 de setembro (ter\u00e7a-feira) \u00e1s 11h00min, na qual ser\u00e1 realizada a vota\u00e7\u00e3o do seguinte Projeto:</span></div>\r\n<div class=\"_1mf _1mj\" data-offset-key=\"15fir-0-0\"><span data-offset-key=\"15fir-0-0\"><br /></span></div>\r\n<div class=\"_1mf _1mj\" data-offset-key=\"15fir-0-0\">\r\n<ul>\r\n<li><a title=\"\" href=\"https://old.pradopolis.sp.leg.br/projeto-de-lei-n-029-2023.pdf\" class=\"internal-link\" target=\"_self\">Projeto de Lei n\u00ba 029/2023</a></li>\r\n</ul>\r\n</div>\r\n<div><span data-offset-key=\"15fir-0-0\"><br /></span></div>", "author_name": "", "version": "1.0", "author_url": "https://old.pradopolis.sp.leg.br/author/izabella", "provider_name": "Camara Municipal de Prad\u00f3polis", "type": "rich"}