{"provider_url": "https://old.pradopolis.sp.leg.br", "title": "PROJETO CIDADANIA ITINERANTE", "html": "<div class=\"xdj266r x11i5rnm xat24cr x1mh8g0r x1vvkbs x126k92a\">\r\n<div dir=\"auto\">De 16 a 18 de novembro Prad\u00f3polis receber\u00e1 a unidade m\u00f3vel da Secretaria Estadual de Justi\u00e7a e Cidadania, que realiza diversos servi\u00e7os para a popula\u00e7\u00e3o.</div>\r\n</div>\r\n<div dir=\"auto\"></div>\r\n<div dir=\"auto\"><img src=\"https://old.pradopolis.sp.leg.br/imagens/imagens-noticias/398962653_17905036274856863_2033933160648944905_n.jpg/@@images/09032ef4-73e1-4250-8df7-5de78f3f06ca.jpeg\" alt=\"398962653_17905036274856863_2033933160648944905_n.jpg\" class=\"image-inline\" title=\"398962653_17905036274856863_2033933160648944905_n.jpg\" /></div>\r\n<div dir=\"auto\"></div>\r\n<div dir=\"auto\"><img src=\"https://old.pradopolis.sp.leg.br/imagens/imagens-noticias/398920143_17905036265856863_4019774714179581571_n-1.jpg/@@images/19cb6e2b-d730-4aec-b084-567133be9caf.jpeg\" alt=\"398920143_17905036265856863_4019774714179581571_n (1).jpg\" class=\"image-inline\" title=\"398920143_17905036265856863_4019774714179581571_n (1).jpg\" /></div>", "author_name": "", "version": "1.0", "author_url": "https://old.pradopolis.sp.leg.br/author/izabella", "provider_name": "Camara Municipal de Prad\u00f3polis", "type": "rich"}