{"provider_url": "https://old.pradopolis.sp.leg.br", "title": "SEGURAN\u00c7A NAS ESCOLAS.", "html": "<div dir=\"auto\">Considerando os acontecimentos recentes em nosso pa\u00eds, reuniram-se na Prefeitura Municipal, o Prefeito, os Vereadores, o Diretor Municipal de Educa\u00e7\u00e3o e a Pol\u00edcia Militar, para tratar de assuntos referentes \u00e0 seguran\u00e7a das escolas de Prad\u00f3polis.</div>\r\n<div class=\"x11i5rnm xat24cr x1mh8g0r x1vvkbs xtlvy1s x126k92a\">\r\n<div dir=\"auto\">Na ocasi\u00e3o foi definido que a Prefeitura, atrav\u00e9s do conv\u00eanio \u201catividade delegada\u201d, far\u00e1 a utiliza\u00e7\u00e3o de policiais militares para refor\u00e7ar a seguran\u00e7a nas escolas j\u00e1 a partir de amanh\u00e3 durante os per\u00edodos de aula.</div>\r\n</div>\r\n<div class=\"x11i5rnm xat24cr x1mh8g0r x1vvkbs xtlvy1s x126k92a\">\r\n<div dir=\"auto\">A <span><a tabindex=\"-1\"></a></span>Prefeitura tamb\u00e9m est\u00e1 abrindo processo de licita\u00e7\u00e3o para a contrata\u00e7\u00e3o de uma empresa especializada em seguran\u00e7a, e tamb\u00e9m ir\u00e1 refor\u00e7ar a seguran\u00e7a nos acessos de entrada e sa\u00edda das escolas.</div>\r\n</div>\r\n<div dir=\"auto\"></div>\r\n<div dir=\"auto\"><img src=\"https://old.pradopolis.sp.leg.br/imagens/imagens-noticias/whatsapp-image-2023-04-11-at-10-35-25-2.jpeg/@@images/246e9566-e7f4-4707-8608-2f8030eed3a6.jpeg\" alt=\"WhatsApp Image 2023-04-11 at 10.35.25 (2).jpeg\" class=\"image-inline\" title=\"WhatsApp Image 2023-04-11 at 10.35.25 (2).jpeg\" /></div>\r\n<div dir=\"auto\"></div>\r\n<div dir=\"auto\"><img src=\"https://old.pradopolis.sp.leg.br/imagens/imagens-noticias/whatsapp-image-2023-04-11-at-10-35-25-1.jpeg/@@images/5f2501c2-cbe7-45cc-a153-4a6eb94b5f8e.jpeg\" alt=\"WhatsApp Image 2023-04-11 at 10.35.25 (1).jpeg\" class=\"image-inline\" title=\"WhatsApp Image 2023-04-11 at 10.35.25 (1).jpeg\" /></div>\r\n<div dir=\"auto\"></div>\r\n<div dir=\"auto\"><img src=\"https://old.pradopolis.sp.leg.br/imagens/imagens-noticias/whatsapp-image-2023-04-11-at-10-35-23.jpeg/@@images/64b92735-eb93-4452-ad72-fa30bc8e97e0.jpeg\" alt=\"WhatsApp Image 2023-04-11 at 10.35.23.jpeg\" class=\"image-inline\" title=\"WhatsApp Image 2023-04-11 at 10.35.23.jpeg\" /></div>", "author_name": "", "version": "1.0", "author_url": "https://old.pradopolis.sp.leg.br/author/izabella", "provider_name": "Camara Municipal de Prad\u00f3polis", "type": "rich"}