{"provider_url": "https://old.pradopolis.sp.leg.br", "title": "Setembro Amarelo!!", "html": "<p>Setembro Amarelo \u00e9 uma campanha de conscientiza\u00e7\u00e3o sobre a preven\u00e7\u00e3o do suic\u00eddio, com o objetivo\u00a0 direto de alertar a popula\u00e7\u00e3o a respeito da realidade do suic\u00eddio no Brasil e no mundo e suas formas de preven\u00e7\u00e3o . Ocorre no m\u00eas de setembro, desde 2014, por meio de identifica\u00e7\u00e3o de locais p\u00fablicos e particulares com a cor amarela e ampla divulga\u00e7\u00e3o\u00a0 de informa\u00e7\u00f5es.</p>\r\n<p>Valorize a vida!</p>\r\n<p>Participe desta campanha!!</p>\r\n<p><img src=\"https://old.pradopolis.sp.leg.br/imagens/imagens-noticias/setembro-amarelo.jpeg/@@images/4146bee0-9885-41a8-a832-ef7ab6c14ffd.jpeg\" alt=\"setembro-amarelo.jpeg\" class=\"image-inline\" title=\"setembro-amarelo.jpeg\" /></p>", "author_name": "", "version": "1.0", "author_url": "https://old.pradopolis.sp.leg.br/author/izabella", "provider_name": "Camara Municipal de Prad\u00f3polis", "type": "rich"}