{"provider_url": "https://old.pradopolis.sp.leg.br", "title": "SETEMBRO AMARELO!!", "html": "<p><span>Setembro Amarelo - M\u00eas da Preven\u00e7\u00e3o ao Suic\u00eddio.</span></p>\r\n<p><img src=\"https://old.pradopolis.sp.leg.br/imagens/imagens-noticias/sem-titulo.jpg/@@images/a4234991-ebb7-420a-9605-cd1ec5225b8b.jpeg\" alt=\"Sem t\u00edtulo.jpg\" class=\"image-inline\" title=\"Sem t\u00edtulo.jpg\" /></p>", "author_name": "", "version": "1.0", "author_url": "https://old.pradopolis.sp.leg.br/author/izabella", "provider_name": "Camara Municipal de Prad\u00f3polis", "type": "rich"}