{"provider_url": "https://old.pradopolis.sp.leg.br", "title": "Vereadores participaram da solenidade de parceria entre AAVT e Usina S\u00e3o Martinho no Assentamento Horto Guarany", "html": "<p>Os Vereadores participaram da solenidade de anu\u00eancia do contrato de parceria agroindustrial entre a Associa\u00e7\u00e3o Agr\u00edcola Verde da Terra (AAVT) do Assentamento Horto Guarany e a Usina S\u00e3o Martinho.</p>\r\n<p>Al\u00e9m do comparecimento dos Vereadores Matheus, Daniel, Ricardo, Clair e Jo\u00e3ozinho, estiveram presentes tamb\u00e9m, Luiz Souto Madureira, o Secret\u00e1rio Adjunto da Justi\u00e7a e da Defesa da Cidadania, Marco Pilla, Diretor Executivo da Funda\u00e7\u00e3o ITESP, Marco Ant\u00f4nio da Silvia, Diretor Adjunto de Desenvolvimento da Funda\u00e7\u00e3o ITESP, Ant\u00f4nio Carlos Bertocco, Coordenador Regional da Funda\u00e7\u00e3o ITESP, Mauro Cavicholi, Supervisor T\u00e9cnico da Funda\u00e7\u00e3o ITESP, Ivaldo Sobral da Luna, Ouvidor da Funda\u00e7\u00e3o ITESP e representando a Prefeitura Municipal de Prad\u00f3polis, a Senhora Ivone Maria Daameche Camarano, Assessora de Gabinete.</p>\r\n<p>Esta parceria tem como objetivo beneficiar os moradores e agricultores do Assentamento Horto Guarany, promovendo o plantio de cana de a\u00e7\u00facar, conforme disciplina a Portaria n\u00ba 77/2007 da Funda\u00e7\u00e3o ITESP.</p>\r\n<p>Ap\u00f3s, as autoridades presentes se reuniram na Prefeitura Municipal com o Prefeito Silvio Martins e o Presidente da C\u00e2mara, Thiago Aquino, a fim de pleitear a ades\u00e3o do munic\u00edpio no Fundo de Interesses Difusos (FID) da Secretaria Estadual de Justi\u00e7a e da Defesa da Cidadania, com o intuito de receber recursos financeiros para a execu\u00e7\u00e3o e implanta\u00e7\u00e3o da rede de distribui\u00e7\u00e3o de \u00e1gua no Assentamento Horto Guarany.</p>\r\n<p>\u00a0</p>\r\n<p><img src=\"https://old.pradopolis.sp.leg.br/imagens/imagens-noticias/whatsapp-image-2017-08-22-at-14-28-43.jpeg/@@images/666d6227-f890-4d1c-9912-c8f810d4c69b.jpeg\" alt=\"WhatsApp Image 2017-08-22 at 14.28.43.jpeg\" class=\"image-inline\" title=\"WhatsApp Image 2017-08-22 at 14.28.43.jpeg\" /></p>\r\n<p><img src=\"https://old.pradopolis.sp.leg.br/imagens/imagens-noticias/whatsapp-image-2017-08-22-at-14-28-47.jpeg/@@images/a58c5bf7-edb7-410c-93ec-ae1c1535ae1f.jpeg\" alt=\"WhatsApp Image 2017-08-22 at 14.28.47.jpeg\" class=\"image-inline\" title=\"WhatsApp Image 2017-08-22 at 14.28.47.jpeg\" /></p>\r\n<p><img src=\"https://old.pradopolis.sp.leg.br/imagens/imagens-noticias/whatsapp-image-2017-08-22-at-14-28-48.jpeg/@@images/c1b3a4b7-1c23-4391-9fa2-7ae1dec242d2.jpeg\" alt=\"WhatsApp Image 2017-08-22 at 14.28.48.jpeg\" class=\"image-inline\" title=\"WhatsApp Image 2017-08-22 at 14.28.48.jpeg\" /></p>\r\n<p><img src=\"https://old.pradopolis.sp.leg.br/imagens/imagens-noticias/whatsapp-image-2017-08-22-at-14-28-49.jpeg/@@images/737eb996-a38a-489e-9f38-b4742c033e7c.jpeg\" alt=\"WhatsApp Image 2017-08-22 at 14.28.49.jpeg\" class=\"image-inline\" title=\"WhatsApp Image 2017-08-22 at 14.28.49.jpeg\" /></p>\r\n<p><img src=\"https://old.pradopolis.sp.leg.br/imagens/imagens-noticias/whatsapp-image-2017-08-22-at-14-24-26.jpeg/@@images/5f3bad86-c94f-4d7c-b67b-0f45aa8caabf.jpeg\" alt=\"WhatsApp Image 2017-08-22 at 14.24.26.jpeg\" class=\"image-inline\" title=\"WhatsApp Image 2017-08-22 at 14.24.26.jpeg\" /></p>", "author_name": "", "version": "1.0", "author_url": "https://old.pradopolis.sp.leg.br/author/izabella", "provider_name": "Camara Municipal de Prad\u00f3polis", "type": "rich"}